{"id":7885,"date":"2023-03-14T09:07:50","date_gmt":"2023-03-14T07:07:50","guid":{"rendered":"https:\/\/www.ccdneamt.ro\/new\/?p=7885"},"modified":"2023-03-14T09:08:46","modified_gmt":"2023-03-14T07:08:46","slug":"inscriere-la-programe-avizate-de-m-e","status":"publish","type":"post","link":"https:\/\/www.ccdneamt.ro\/new\/2023\/03\/inscriere-la-programe-avizate-de-m-e\/","title":{"rendered":"\u00ceNSCRIERE LA PROGRAME AVIZATE DE M.E."},"content":{"rendered":"<p>Av\u00e2nd \u00een vedere c\u0103, la nivelul Guvernului Rom\u00e2niei a fost adoptat\u0103 ,, Strategia na\u021bional\u0103 privind educa\u021bia pentru mediu \u0219i schimb\u0103ri climatice 2023-2030\u201d, elaborat\u0103 de Ministerul Educa\u021biei \u00een baza Raportului Administra\u021biei Preziden\u021biale ,,Educa\u021bia privind schimb\u0103rile climatice \u0219i mediul \u00een \u0219coli sustenabile\u201d, se impune dezvoltarea de competen\u021be specifice pentru cadrele didactice din \u00eenv\u0103\u021b\u0103m\u00e2ntul preuniversitar \u0219i \u00een domeniul care vizeaz\u0103 mediul \u0219i schimb\u0103rile climatice, \u00een vederea promov\u0103rii unei culturi a sustenabilit\u0103\u021bii la nivelul unit\u0103\u021bilor de \u00eenv\u0103\u021b\u0103m\u00e2nt.<\/p>\n<p>Casa Corpului Didactic Neam\u021b a primit avizul Ministerului Educa\u021biei, cu nr. 469\/ DGMRURS\/ 06.03.2023, pentru demararea programelor de formare, de 24 ore\u00a0:<\/p>\n<ol>\n<li><strong><em>Dezvoltare durabil\u0103 \u0219i protec\u021bia mediului<\/em><\/strong><\/li>\n<li><strong><em>Poluarea mediului. Metodele de prevenire \u0219i control a polu\u0103rii<\/em><\/strong><\/li>\n<\/ol>\n<p><strong><em>\u00a0<\/em><\/strong><strong><em>Cadrele didactice \u00eenscrise vor participa la ambele programe de formare.<\/em><\/strong><\/p>\n<ol>\n<li><strong><em>\u00censcrierile se fac p\u00e2n\u0103 la data de 31 martie 2023, complet\u00e2nd <\/em><\/strong><strong><em><span style=\"color: #ff6600;\"><a style=\"color: #ff6600;\" href=\"https:\/\/forms.gle\/T4jZm2mRFPRUyYwP8\">FORMULARUL DE \u00ceNSCRIERE<\/a><\/span>, <\/em><\/strong><strong><em>cu:<\/em><\/strong>\n<ol>\n<li>datele personale,<\/li>\n<li>2 formulare de \u00eenscriere \u00eenso\u021bite de copie dup\u0103 CI\/BI, certificat de na\u015ftere \u015fi certificat de c\u0103s\u0103torie (daca este cazul),copie dup\u0103 actul de studii potrivit func\u0163iei\/specialit\u0103\u0163ii, adeverin\u0163\u0103 de \u00eencadrare de la unitatea \u015fcolar\u0103 \u00een care s\u0103 se specifice func\u0163ia \u015fi specialitatea(<strong><u>un singur document pdf)<\/u><\/strong><\/li>\n<li>Dovada achit\u0103rii cursului.<\/li>\n<\/ol>\n<\/li>\n<\/ol>\n<p><strong><em>Modalitatea de derulare a cursurilor\u00a0: <\/em><\/strong>online sau blended learning-va fi stabilit\u0103 de formator cu cursan\u021bii \u00eenscri\u0219i la program<\/p>\n<p><strong>Taxa:<\/strong> 100 lei, poate fi achitat\u0103 at\u00e2t la sediul Casei Corpului Didactic Neam\u021b, c\u00e2t \u0219i \u00een contul institu\u021biei deschis la Trezoreria Piatra-Neam\u021b, RO94TREZ49120E365000XXXX (CUI 2613257).<\/p>\n<p><a href=\"https:\/\/www.ccdneamt.ro\/new\/wp-content\/uploads\/2023\/03\/Formular-de-inscriere-Dezvoltare-durabila-si-protectia-mediului.docx\" rel=\"attachment wp-att-7887\"><span style=\"color: #0000ff;\">Formular de inscriere Dezvoltare durabil\u0103 \u0219i protec\u021bia mediului<\/span><\/a><\/p>\n<p><span style=\"color: #0000ff;\"><a style=\"color: #0000ff;\" href=\"https:\/\/www.ccdneamt.ro\/new\/wp-content\/uploads\/2023\/03\/Formular-de-inscriere-Poluarea-mediului.-Metodele-de-prevenire-si-control-a-poluarii.docx\" rel=\"attachment wp-att-7888\">Formular de inscriere Poluarea mediului. Metodele de prevenire \u0219i control a polu\u0103rii<\/a><\/span><\/p>\n<p>\u00a0<\/p>\n<div data-wp-interactive=\"core\/file\" class=\"wp-block-file\"><object data-wp-bind--hidden=\"!state.hasPdfPreview\" hidden class=\"wp-block-file__embed\" data=\"https:\/\/www.ccdneamt.ro\/new\/wp-content\/uploads\/2023\/03\/CCD-1161DIN-10.03.2023.pdf\" type=\"application\/pdf\" style=\"width:100%;height:600px\" aria-label=\"\u00cenglobare pentru CCD-1161DIN-10.03.2023.\"><\/object><a id=\"wp-block-file--media-a0944200-e3f1-41b4-aff4-02b8da2c92b3\" href=\"https:\/\/www.ccdneamt.ro\/new\/wp-content\/uploads\/2023\/03\/CCD-1161DIN-10.03.2023.pdf\">CCD-1161DIN-10.03.2023<\/a><a href=\"https:\/\/www.ccdneamt.ro\/new\/wp-content\/uploads\/2023\/03\/CCD-1161DIN-10.03.2023.pdf\" class=\"wp-block-file__button wp-element-button\" download aria-describedby=\"wp-block-file--media-a0944200-e3f1-41b4-aff4-02b8da2c92b3\">Descarc\u0103<\/a><\/div>\n","protected":false},"excerpt":{"rendered":"<p>Av\u00e2nd \u00een vedere c\u0103, la nivelul Guvernului Rom\u00e2niei a fost adoptat\u0103 ,, Strategia na\u021bional\u0103 privind educa\u021bia pentru mediu \u0219i schimb\u0103ri climatice 2023-2030\u201d, elaborat\u0103 de Ministerul Educa\u021biei \u00een baza Raportului Administra\u021biei Preziden\u021biale ,,Educa\u021bia privind schimb\u0103rile climatice \u0219i mediul \u00een \u0219coli sustenabile\u201d, se impune dezvoltarea de competen\u021be specifice pentru cadrele didactice din \u00eenv\u0103\u021b\u0103m\u00e2ntul preuniversitar \u0219i \u00een domeniul&hellip; <a class=\"continue\" href=\"https:\/\/www.ccdneamt.ro\/new\/2023\/03\/inscriere-la-programe-avizate-de-m-e\/\">Continue Reading<span> \u00ceNSCRIERE LA PROGRAME AVIZATE DE M.E.<\/span><\/a><\/p>\n","protected":false},"author":1,"featured_media":0,"comment_status":"closed","ping_status":"closed","sticky":false,"template":"","format":"standard","meta":{"footnotes":""},"categories":[62,3],"tags":[],"class_list":["post-7885","post","type-post","status-publish","format-standard","hentry","category-activitati-2022-2023","category-noutati"],"_links":{"self":[{"href":"https:\/\/www.ccdneamt.ro\/new\/wp-json\/wp\/v2\/posts\/7885","targetHints":{"allow":["GET"]}}],"collection":[{"href":"https:\/\/www.ccdneamt.ro\/new\/wp-json\/wp\/v2\/posts"}],"about":[{"href":"https:\/\/www.ccdneamt.ro\/new\/wp-json\/wp\/v2\/types\/post"}],"author":[{"embeddable":true,"href":"https:\/\/www.ccdneamt.ro\/new\/wp-json\/wp\/v2\/users\/1"}],"replies":[{"embeddable":true,"href":"https:\/\/www.ccdneamt.ro\/new\/wp-json\/wp\/v2\/comments?post=7885"}],"version-history":[{"count":2,"href":"https:\/\/www.ccdneamt.ro\/new\/wp-json\/wp\/v2\/posts\/7885\/revisions"}],"predecessor-version":[{"id":7890,"href":"https:\/\/www.ccdneamt.ro\/new\/wp-json\/wp\/v2\/posts\/7885\/revisions\/7890"}],"wp:attachment":[{"href":"https:\/\/www.ccdneamt.ro\/new\/wp-json\/wp\/v2\/media?parent=7885"}],"wp:term":[{"taxonomy":"category","embeddable":true,"href":"https:\/\/www.ccdneamt.ro\/new\/wp-json\/wp\/v2\/categories?post=7885"},{"taxonomy":"post_tag","embeddable":true,"href":"https:\/\/www.ccdneamt.ro\/new\/wp-json\/wp\/v2\/tags?post=7885"}],"curies":[{"name":"wp","href":"https:\/\/api.w.org\/{rel}","templated":true}]}}