{"id":6572,"date":"2021-04-15T11:34:55","date_gmt":"2021-04-15T09:34:55","guid":{"rendered":"http:\/\/www.ccdneamt.ro\/new\/?p=6572"},"modified":"2021-04-15T11:36:00","modified_gmt":"2021-04-15T09:36:00","slug":"23-aprilie-ziua-internationala-a-cartii-si-a-dreptului-de-autor-ziua-bibliotecarului-din-romania","status":"publish","type":"post","link":"https:\/\/www.ccdneamt.ro\/new\/2021\/04\/23-aprilie-ziua-internationala-a-cartii-si-a-dreptului-de-autor-ziua-bibliotecarului-din-romania\/","title":{"rendered":"23 APRILIE &#8211; ZIUA INTERNA\u0162IONAL\u0102 A C\u0102R\u0162II \u015eI A DREPTULUI DE AUTOR. ZIUA BIBLIOTECARULUI DIN ROM\u00c2NIA."},"content":{"rendered":"<p>Casa Corpului Didactic Neam\u021b organizeaz<span lang=\"RO\">\u0103 activitatea metodic\u0103\u00a0<b><i>23 aprilie &#8211; Ziua interna\u021bional\u0103 a c\u0103r\u021bii \u0219i a dreptului de autor. Ziua bibliotecarului din Rom\u00e2nia.\u00a0<\/i><\/b>\u00cen acest scop, v\u0103\u00a0 invit\u0103m s\u0103 completa\u021bi macheta ata\u0219at\u0103 \u0219i s\u0103 o trimite\u021bi pe adresa\u00a0<span style=\"color: #3366ff;\"><em><a style=\"color: #3366ff;\" href=\"mailto:ana.macovei.ccdnt@gmail.com\" target=\"_blank\" rel=\"noopener\">ana.macovei.ccdnt@gmail.com<\/a><\/em><\/span>\u00a0p\u00e2n\u0103 vineri 23 aprilie 2021, \u00een vederea realiz\u0103rii\u00a0<b><i>Ghidului cu exemple de bune practici pentru biblioteci \u0219colare \u0219i CDI-uri. Activit\u0103\u021bi extracurriculare online<\/i><\/b>.<\/span><\/p>\n<p><span style=\"color: #0000ff;\"><a style=\"color: #0000ff;\" href=\"https:\/\/www.ccdneamt.ro\/new\/wp-content\/uploads\/2021\/04\/afis23-Aprilie_Ziua_Bibliotecarului_din_Romania.pdf\" rel=\"attachment wp-att-6573\">AFI\u015e 23 Aprilie_Ziua_Bibliotecarului_din_Romania<\/a> <\/span><\/p>\n<p><span style=\"color: #0000ff;\"><a style=\"color: #0000ff;\" href=\"https:\/\/www.ccdneamt.ro\/new\/wp-content\/uploads\/2021\/04\/anunt_23aprilie2021.pdf\" rel=\"attachment wp-att-6574\">Anun\u0163_23aprilie2021<\/a><\/span><\/p>\n<p><span style=\"color: #0000ff;\"> <a style=\"color: #0000ff;\" href=\"https:\/\/www.ccdneamt.ro\/new\/wp-content\/uploads\/2021\/04\/macheta.docx\" rel=\"attachment wp-att-6575\">Macheta<\/a><\/span><\/p>\n","protected":false},"excerpt":{"rendered":"<p>Casa Corpului Didactic Neam\u021b organizeaz\u0103 activitatea metodic\u0103\u00a023 aprilie &#8211; Ziua interna\u021bional\u0103 a c\u0103r\u021bii \u0219i a dreptului de autor. Ziua bibliotecarului din Rom\u00e2nia.\u00a0\u00cen acest scop, v\u0103\u00a0 invit\u0103m s\u0103 completa\u021bi macheta ata\u0219at\u0103 \u0219i s\u0103 o trimite\u021bi pe adresa\u00a0ana.macovei.ccdnt@gmail.com\u00a0p\u00e2n\u0103 vineri 23 aprilie 2021, \u00een vederea realiz\u0103rii\u00a0Ghidului cu exemple de bune practici pentru biblioteci \u0219colare \u0219i CDI-uri. Activit\u0103\u021bi extracurriculare&hellip; <a class=\"continue\" href=\"https:\/\/www.ccdneamt.ro\/new\/2021\/04\/23-aprilie-ziua-internationala-a-cartii-si-a-dreptului-de-autor-ziua-bibliotecarului-din-romania\/\">Continue Reading<span> 23 APRILIE &#8211; ZIUA INTERNA\u0162IONAL\u0102 A C\u0102R\u0162II \u015eI A DREPTULUI DE AUTOR. ZIUA BIBLIOTECARULUI DIN ROM\u00c2NIA.<\/span><\/a><\/p>\n","protected":false},"author":1,"featured_media":0,"comment_status":"closed","ping_status":"closed","sticky":false,"template":"","format":"standard","meta":{"footnotes":""},"categories":[55,6,25,3],"tags":[],"class_list":["post-6572","post","type-post","status-publish","format-standard","hentry","category-activitati-2020-2021","category-biblioteca","category-biblioteca-ccd","category-noutati"],"_links":{"self":[{"href":"https:\/\/www.ccdneamt.ro\/new\/wp-json\/wp\/v2\/posts\/6572","targetHints":{"allow":["GET"]}}],"collection":[{"href":"https:\/\/www.ccdneamt.ro\/new\/wp-json\/wp\/v2\/posts"}],"about":[{"href":"https:\/\/www.ccdneamt.ro\/new\/wp-json\/wp\/v2\/types\/post"}],"author":[{"embeddable":true,"href":"https:\/\/www.ccdneamt.ro\/new\/wp-json\/wp\/v2\/users\/1"}],"replies":[{"embeddable":true,"href":"https:\/\/www.ccdneamt.ro\/new\/wp-json\/wp\/v2\/comments?post=6572"}],"version-history":[{"count":3,"href":"https:\/\/www.ccdneamt.ro\/new\/wp-json\/wp\/v2\/posts\/6572\/revisions"}],"predecessor-version":[{"id":6578,"href":"https:\/\/www.ccdneamt.ro\/new\/wp-json\/wp\/v2\/posts\/6572\/revisions\/6578"}],"wp:attachment":[{"href":"https:\/\/www.ccdneamt.ro\/new\/wp-json\/wp\/v2\/media?parent=6572"}],"wp:term":[{"taxonomy":"category","embeddable":true,"href":"https:\/\/www.ccdneamt.ro\/new\/wp-json\/wp\/v2\/categories?post=6572"},{"taxonomy":"post_tag","embeddable":true,"href":"https:\/\/www.ccdneamt.ro\/new\/wp-json\/wp\/v2\/tags?post=6572"}],"curies":[{"name":"wp","href":"https:\/\/api.w.org\/{rel}","templated":true}]}}