{"id":6326,"date":"2020-11-09T14:08:09","date_gmt":"2020-11-09T12:08:09","guid":{"rendered":"http:\/\/www.ccdneamt.ro\/new\/?p=6326"},"modified":"2020-12-03T12:47:53","modified_gmt":"2020-12-03T10:47:53","slug":"conferinta-nationala-dialog-intre-cultura-si-educatie","status":"publish","type":"post","link":"https:\/\/www.ccdneamt.ro\/new\/2020\/11\/conferinta-nationala-dialog-intre-cultura-si-educatie\/","title":{"rendered":"CONFERIN\u021aA NA\u021aIONAL\u0102  DIALOG \u00ceNTRE CULTUR\u0102 \u015eI EDUCA\u021aIE"},"content":{"rendered":"<p><span lang=\"RO\">Casa Corpului Didactic Neam\u021b, \u00een parteneriat cu Facultatea de Psihologie \u015fi \u015etiin\u0163e ale Educa\u0163iei din cadrul Universit\u0103\u021bii\u00a0<\/span><i><span lang=\"RO\">Alexandru Ioan Cuza<\/span><\/i><span lang=\"RO\">\u00a0din Ia\u0219i, organizeaz\u0103\u00a0<\/span><b><span lang=\"RO\">Conferin\u021ba Na\u021bional\u0103\u00a0\u00a0<i>Dialog \u00eentre cultur\u0103 \u0219i educa\u021bie<\/i><\/span><\/b><i><span lang=\"RO\">,\u00a0<\/span><\/i><span lang=\"RO\">\u00een data de<i>\u00a0<\/i><b>26 noiembrie 2020<\/b>,\u00a0<b>ora 14.00<\/b>\u00a0.<\/span><\/p>\n<p>Toate detalii cu privire la derularea conferin\u021bei le reg\u0103si\u021bi mai jos:<\/p>\n<p><span style=\"color: #ff0000;\">CUI Casa Corpului Didactic Neam\u0163: 2613257<\/span><\/p>\n<p><span style=\"color: #ff6600;\"><a style=\"color: #ff6600;\" href=\"https:\/\/www.ccdneamt.ro\/new\/wp-content\/uploads\/2020\/11\/ANUN\u021a-CONFERIN\u021aA-NA\u021aIONAL\u0102_Dialog-\u00eentre-cultur\u0103-\u0219i-educa\u021bie.pdf\" rel=\"attachment wp-att-6327\">ANUN\u021a CONFERIN\u021aA NA\u021aIONAL\u0102_Dialog \u00eentre cultur\u0103 \u0219i educa\u021bie<\/a><\/span><\/p>\n<p><span style=\"color: #ff6600;\"><a style=\"color: #ff6600;\" href=\"https:\/\/www.ccdneamt.ro\/new\/wp-content\/uploads\/2020\/11\/DETALII-CONFERIN\u021aA-NA\u021aIONAL\u0102_Dialog-\u00eentre-cultur\u0103-\u0219i-educa\u021bie.pdf\" rel=\"attachment wp-att-6328\">DETALII CONFERIN\u021aA NA\u021aIONAL\u0102_Dialog \u00eentre cultur\u0103 \u0219i educa\u021bie<\/a><\/span><\/p>\n<p><span style=\"color: #ff6600;\"><a style=\"color: #ff6600;\" href=\"https:\/\/docs.google.com\/forms\/d\/e\/1FAIpQLSdyDmHUcnfynp-HicJDssT_PvqJZ9NCNFpXCoDCV7YVOJ0jSA\/viewform?usp=sf_link\">FORMULAR DE \u00ceNSCRIERE<\/a><\/span><\/p>\n","protected":false},"excerpt":{"rendered":"<p>Casa Corpului Didactic Neam\u021b, \u00een parteneriat cu Facultatea de Psihologie \u015fi \u015etiin\u0163e ale Educa\u0163iei din cadrul Universit\u0103\u021bii\u00a0Alexandru Ioan Cuza\u00a0din Ia\u0219i, organizeaz\u0103\u00a0Conferin\u021ba Na\u021bional\u0103\u00a0\u00a0Dialog \u00eentre cultur\u0103 \u0219i educa\u021bie,\u00a0\u00een data de\u00a026 noiembrie 2020,\u00a0ora 14.00\u00a0. Toate detalii cu privire la derularea conferin\u021bei le reg\u0103si\u021bi mai jos: CUI Casa Corpului Didactic Neam\u0163: 2613257 ANUN\u021a CONFERIN\u021aA NA\u021aIONAL\u0102_Dialog \u00eentre cultur\u0103 \u0219i educa\u021bie&hellip; <a class=\"continue\" href=\"https:\/\/www.ccdneamt.ro\/new\/2020\/11\/conferinta-nationala-dialog-intre-cultura-si-educatie\/\">Continue Reading<span> CONFERIN\u021aA NA\u021aIONAL\u0102  DIALOG \u00ceNTRE CULTUR\u0102 \u015eI EDUCA\u021aIE<\/span><\/a><\/p>\n","protected":false},"author":1,"featured_media":0,"comment_status":"closed","ping_status":"closed","sticky":false,"template":"","format":"standard","meta":{"footnotes":""},"categories":[55,3],"tags":[],"class_list":["post-6326","post","type-post","status-publish","format-standard","hentry","category-activitati-2020-2021","category-noutati"],"_links":{"self":[{"href":"https:\/\/www.ccdneamt.ro\/new\/wp-json\/wp\/v2\/posts\/6326","targetHints":{"allow":["GET"]}}],"collection":[{"href":"https:\/\/www.ccdneamt.ro\/new\/wp-json\/wp\/v2\/posts"}],"about":[{"href":"https:\/\/www.ccdneamt.ro\/new\/wp-json\/wp\/v2\/types\/post"}],"author":[{"embeddable":true,"href":"https:\/\/www.ccdneamt.ro\/new\/wp-json\/wp\/v2\/users\/1"}],"replies":[{"embeddable":true,"href":"https:\/\/www.ccdneamt.ro\/new\/wp-json\/wp\/v2\/comments?post=6326"}],"version-history":[{"count":3,"href":"https:\/\/www.ccdneamt.ro\/new\/wp-json\/wp\/v2\/posts\/6326\/revisions"}],"predecessor-version":[{"id":6366,"href":"https:\/\/www.ccdneamt.ro\/new\/wp-json\/wp\/v2\/posts\/6326\/revisions\/6366"}],"wp:attachment":[{"href":"https:\/\/www.ccdneamt.ro\/new\/wp-json\/wp\/v2\/media?parent=6326"}],"wp:term":[{"taxonomy":"category","embeddable":true,"href":"https:\/\/www.ccdneamt.ro\/new\/wp-json\/wp\/v2\/categories?post=6326"},{"taxonomy":"post_tag","embeddable":true,"href":"https:\/\/www.ccdneamt.ro\/new\/wp-json\/wp\/v2\/tags?post=6326"}],"curies":[{"name":"wp","href":"https:\/\/api.w.org\/{rel}","templated":true}]}}