{"id":6274,"date":"2020-10-07T09:46:45","date_gmt":"2020-10-07T07:46:45","guid":{"rendered":"http:\/\/www.ccdneamt.ro\/new\/?p=6274"},"modified":"2020-10-07T09:47:36","modified_gmt":"2020-10-07T07:47:36","slug":"premiere-cadre-didcatice-pensionate-in-anul-scolar-2019-2020","status":"publish","type":"post","link":"https:\/\/www.ccdneamt.ro\/new\/2020\/10\/premiere-cadre-didcatice-pensionate-in-anul-scolar-2019-2020\/","title":{"rendered":"PREMIERE CADRE DIDCATICE PENSIONATE \u00ceN ANUL \u0218COLAR 2019-2020"},"content":{"rendered":"<p><em>Cu ocazia Zilei Interna\u021bionale a Educa\u021biei<\/em>, <strong>Casa Corpului Didactic<\/strong><br \/>\n<strong>Neam\u021b<\/strong> si <strong>Editura Junimea<\/strong> propun tuturor unit\u0103\u021bilor \u0219colare s\u0103 premieze<br \/>\nfidelitatea \u00een meseria de dasc\u0103l. \u00cen acest sens, personalul didactic pensionat<br \/>\n\u00een anul \u0219colar 2019- 2020 va primi ca semn de recuno\u0219tin\u021b\u0103 pentru \u00eentreaga<br \/>\nactivitate desf\u0103\u0219urat\u0103, diplome \u0219i c\u0103r\u021bi.<br \/>\nCadrele didactice pensionate sunt a\u0219teptate s\u0103 ridice diplomele \u0219i c\u0103r\u021bile<br \/>\nde la sediul Casei Corpului Didactic Neam\u021b, Corp A, Strada Petru Rare\u0219 Nr. 24, pe tot<br \/>\nparcursul lunii octombrie.<\/p>\n<pre><span style=\"color: #ff6600;\"><a style=\"color: #ff6600;\" href=\"https:\/\/www.ccdneamt.ro\/new\/wp-content\/uploads\/2020\/10\/3055_07.10.2020.pdf\" rel=\"attachment wp-att-6275\">ANUN\u021a PREMIERE<\/a><\/span><\/pre>\n","protected":false},"excerpt":{"rendered":"<p>Cu ocazia Zilei Interna\u021bionale a Educa\u021biei, Casa Corpului Didactic Neam\u021b si Editura Junimea propun tuturor unit\u0103\u021bilor \u0219colare s\u0103 premieze fidelitatea \u00een meseria de dasc\u0103l. \u00cen acest sens, personalul didactic pensionat \u00een anul \u0219colar 2019- 2020 va primi ca semn de recuno\u0219tin\u021b\u0103 pentru \u00eentreaga activitate desf\u0103\u0219urat\u0103, diplome \u0219i c\u0103r\u021bi. Cadrele didactice pensionate sunt a\u0219teptate s\u0103 ridice&hellip; <a class=\"continue\" href=\"https:\/\/www.ccdneamt.ro\/new\/2020\/10\/premiere-cadre-didcatice-pensionate-in-anul-scolar-2019-2020\/\">Continue Reading<span> PREMIERE CADRE DIDCATICE PENSIONATE \u00ceN ANUL \u0218COLAR 2019-2020<\/span><\/a><\/p>\n","protected":false},"author":1,"featured_media":0,"comment_status":"closed","ping_status":"closed","sticky":false,"template":"","format":"standard","meta":{"footnotes":""},"categories":[55,3],"tags":[],"class_list":["post-6274","post","type-post","status-publish","format-standard","hentry","category-activitati-2020-2021","category-noutati"],"_links":{"self":[{"href":"https:\/\/www.ccdneamt.ro\/new\/wp-json\/wp\/v2\/posts\/6274","targetHints":{"allow":["GET"]}}],"collection":[{"href":"https:\/\/www.ccdneamt.ro\/new\/wp-json\/wp\/v2\/posts"}],"about":[{"href":"https:\/\/www.ccdneamt.ro\/new\/wp-json\/wp\/v2\/types\/post"}],"author":[{"embeddable":true,"href":"https:\/\/www.ccdneamt.ro\/new\/wp-json\/wp\/v2\/users\/1"}],"replies":[{"embeddable":true,"href":"https:\/\/www.ccdneamt.ro\/new\/wp-json\/wp\/v2\/comments?post=6274"}],"version-history":[{"count":2,"href":"https:\/\/www.ccdneamt.ro\/new\/wp-json\/wp\/v2\/posts\/6274\/revisions"}],"predecessor-version":[{"id":6277,"href":"https:\/\/www.ccdneamt.ro\/new\/wp-json\/wp\/v2\/posts\/6274\/revisions\/6277"}],"wp:attachment":[{"href":"https:\/\/www.ccdneamt.ro\/new\/wp-json\/wp\/v2\/media?parent=6274"}],"wp:term":[{"taxonomy":"category","embeddable":true,"href":"https:\/\/www.ccdneamt.ro\/new\/wp-json\/wp\/v2\/categories?post=6274"},{"taxonomy":"post_tag","embeddable":true,"href":"https:\/\/www.ccdneamt.ro\/new\/wp-json\/wp\/v2\/tags?post=6274"}],"curies":[{"name":"wp","href":"https:\/\/api.w.org\/{rel}","templated":true}]}}