{"id":6254,"date":"2020-10-02T11:19:29","date_gmt":"2020-10-02T09:19:29","guid":{"rendered":"http:\/\/www.ccdneamt.ro\/new\/?p=6254"},"modified":"2020-10-02T11:19:29","modified_gmt":"2020-10-02T09:19:29","slug":"cu-gandul-la-dascali","status":"publish","type":"post","link":"https:\/\/www.ccdneamt.ro\/new\/2020\/10\/cu-gandul-la-dascali\/","title":{"rendered":"CU G\u00c2NDUL LA DASC\u0102LI"},"content":{"rendered":"<p style=\"text-align: center;\"><em><strong>Ziua Mondial\u0103 a Educa\u021biei<\/strong>, <\/em>celebrat\u0103 \u00een toate institu\u021biile educative din lume, joac\u0103 un rol important \u00een inimile cadrelor didactice \u0219i a elevilor. <strong>Casa Corpului Didactic Neam\u021b<\/strong>, institu\u021bie ce promoveaz\u0103 excelen\u021ba \u00een educa\u021bie, \u0219i-a propus, o dat\u0103 \u00een plus, s\u0103 aduc\u0103 \u00een prim plan, deopotriv\u0103 elevi \u0219i dasc\u0103li. Debutul anului \u0219colar 2020-2021 l-am realizat cu g\u00e2ndul la acest deziderat. Luna septembrie \u00a0s-a deschis cu activitatea metodic\u0103\u00a0<strong><em>Editura Alfa &#8211; la un clik de educa\u021bia modern\u0103<\/em><\/strong>, \u00een care, Editura Alfa a Casei Corpului Didactic Neam\u021b a invitat cadrele didactice s\u0103-\u0219i \u00eemp\u0103rt\u0103\u0219easc\u0103 experien\u021ba prin noi apari\u021bii editoriale. Sf\u00eer\u0219itul lunii septembrie a \u00eensemnat pentru echipa Casei Corpului Didactic Neam\u021b c\u0103utarea unui sponsor pentru concursul jude\u021bean<em><strong> Cel mai frumos afi\u0219 de promovare a activit\u0103\u021bii Istorica: Vasile P\u00e2rvan. <\/strong><\/em>Concursul, derulat \u00een perioada 21-30 septembrie 2020, s-a adresat elevilor \u0219i a fost promovat \u00een \u0219coli prin intermediul bibliotecarilor \u0219colari. Efortul depus de elevi \u0219i profesori va fi r\u0103spl\u0103tit prin diplome \u0219i premii const\u00e2nd \u00een c\u0103r\u021bi oferite de <strong>sponsorul Editura Didactic\u0103 \u0219i Pedagogic\u0103 S.A.<\/strong><\/p>\n<p><a href=\"https:\/\/www.ccdneamt.ro\/new\/wp-content\/uploads\/2020\/10\/anunt_premiere_Concurs_judetean_Cel_mai_frumos_afis-page-001.jpg\" rel=\"attachment wp-att-6255\"><img loading=\"lazy\" decoding=\"async\" class=\"wp-image-6255 size-medium aligncenter\" src=\"https:\/\/www.ccdneamt.ro\/new\/wp-content\/uploads\/2020\/10\/anunt_premiere_Concurs_judetean_Cel_mai_frumos_afis-page-001-212x300.jpg\" alt=\"\" width=\"212\" height=\"300\" srcset=\"https:\/\/www.ccdneamt.ro\/new\/wp-content\/uploads\/2020\/10\/anunt_premiere_Concurs_judetean_Cel_mai_frumos_afis-page-001-212x300.jpg 212w, https:\/\/www.ccdneamt.ro\/new\/wp-content\/uploads\/2020\/10\/anunt_premiere_Concurs_judetean_Cel_mai_frumos_afis-page-001-768x1086.jpg 768w, https:\/\/www.ccdneamt.ro\/new\/wp-content\/uploads\/2020\/10\/anunt_premiere_Concurs_judetean_Cel_mai_frumos_afis-page-001-724x1024.jpg 724w, https:\/\/www.ccdneamt.ro\/new\/wp-content\/uploads\/2020\/10\/anunt_premiere_Concurs_judetean_Cel_mai_frumos_afis-page-001.jpg 1240w\" sizes=\"auto, (max-width: 212px) 100vw, 212px\" \/><\/a><\/p>\n<p style=\"text-align: center;\">Luna octombrie se deschide cu una din cele mai importante activit\u0103\u021bi ini\u021biate de Casa Corpului Didactic Neam\u021b: <strong><em>Cu g\u00e2ndul la dasc\u0103li de<\/em> <\/strong><em><strong>Ziua Mondial\u0103 a Educa\u021biei.<\/strong> <\/em>\u00cendrept\u00e2ndu-ne g\u00e2ndurile c\u0103tre neobosi\u021bii dasc\u0103li ce caut\u0103 mereu metode spre a-i \u00eendruma c\u00e2t mai eficient pe elevi, am considerat oportun\u0103 premierea dasc\u0103lilor pensiona\u021bi \u00een anul \u0219colar 2019-2020. \u0218i cum dasc\u0103lilor le-au fost c\u0103r\u021bile \u00eentotdeauna aproape de suflet, ele nu puteau lipsi din marcarea acestui minunat eveniment. De aceast\u0103 dat\u0103 am primit sprijinul <strong>sponsorului, Editura Junimea<\/strong>, care a ales s\u0103 ne fie al\u0103turi prin d\u0103ruirea unui num\u0103r considerabil de c\u0103r\u021bi, menite spre a fi oferite special <strong>cadrelor didactice cu vechime la catedr\u0103, pensionate \u00een anul \u0219colar precedent (2019-2020).<\/strong><\/p>\n<p>[Best_Wordpress_Gallery id=&#8221;228&#8243; gal_title=&#8221;PENSIONARI&#8221;]<\/p>\n<p style=\"text-align: center;\">Cele peste 140 de c\u0103r\u021bi vor fi \u00eenm\u00e2nate, al\u0103turi de diplome de onoare, merituo\u0219ilor dasc\u0103li \u00a0ce sunt invita\u021bi s\u0103 vin\u0103 la sediul Casei Corpului Didactic Neam\u021b corp A, din strada Petru Rare\u0219 nr. 24 pe tot parcursul lunii octombrie.<\/p>\n<p>&nbsp;<\/p>\n<p style=\"text-align: center;\">Directorul Casei Corpului Didactic Neam\u021b<\/p>\n<p style=\"text-align: center;\">Gabriela Banu<\/p>\n","protected":false},"excerpt":{"rendered":"<p>Ziua Mondial\u0103 a Educa\u021biei, celebrat\u0103 \u00een toate institu\u021biile educative din lume, joac\u0103 un rol important \u00een inimile cadrelor didactice \u0219i a elevilor. Casa Corpului Didactic Neam\u021b, institu\u021bie ce promoveaz\u0103 excelen\u021ba \u00een educa\u021bie, \u0219i-a propus, o dat\u0103 \u00een plus, s\u0103 aduc\u0103 \u00een prim plan, deopotriv\u0103 elevi \u0219i dasc\u0103li. Debutul anului \u0219colar 2020-2021 l-am realizat cu g\u00e2ndul&hellip; <a class=\"continue\" href=\"https:\/\/www.ccdneamt.ro\/new\/2020\/10\/cu-gandul-la-dascali\/\">Continue Reading<span> CU G\u00c2NDUL LA DASC\u0102LI<\/span><\/a><\/p>\n","protected":false},"author":1,"featured_media":0,"comment_status":"closed","ping_status":"closed","sticky":false,"template":"","format":"standard","meta":{"footnotes":""},"categories":[55,3],"tags":[],"class_list":["post-6254","post","type-post","status-publish","format-standard","hentry","category-activitati-2020-2021","category-noutati"],"_links":{"self":[{"href":"https:\/\/www.ccdneamt.ro\/new\/wp-json\/wp\/v2\/posts\/6254","targetHints":{"allow":["GET"]}}],"collection":[{"href":"https:\/\/www.ccdneamt.ro\/new\/wp-json\/wp\/v2\/posts"}],"about":[{"href":"https:\/\/www.ccdneamt.ro\/new\/wp-json\/wp\/v2\/types\/post"}],"author":[{"embeddable":true,"href":"https:\/\/www.ccdneamt.ro\/new\/wp-json\/wp\/v2\/users\/1"}],"replies":[{"embeddable":true,"href":"https:\/\/www.ccdneamt.ro\/new\/wp-json\/wp\/v2\/comments?post=6254"}],"version-history":[{"count":7,"href":"https:\/\/www.ccdneamt.ro\/new\/wp-json\/wp\/v2\/posts\/6254\/revisions"}],"predecessor-version":[{"id":6262,"href":"https:\/\/www.ccdneamt.ro\/new\/wp-json\/wp\/v2\/posts\/6254\/revisions\/6262"}],"wp:attachment":[{"href":"https:\/\/www.ccdneamt.ro\/new\/wp-json\/wp\/v2\/media?parent=6254"}],"wp:term":[{"taxonomy":"category","embeddable":true,"href":"https:\/\/www.ccdneamt.ro\/new\/wp-json\/wp\/v2\/categories?post=6254"},{"taxonomy":"post_tag","embeddable":true,"href":"https:\/\/www.ccdneamt.ro\/new\/wp-json\/wp\/v2\/tags?post=6254"}],"curies":[{"name":"wp","href":"https:\/\/api.w.org\/{rel}","templated":true}]}}