{"id":5476,"date":"2019-08-22T12:52:26","date_gmt":"2019-08-22T10:52:26","guid":{"rendered":"http:\/\/www.ccdneamt.ro\/new\/?p=5476"},"modified":"2019-08-22T13:28:06","modified_gmt":"2019-08-22T11:28:06","slug":"formarea-cadrelor-didactice-din-invatamantul-primar-in-cadrul-proiectului-curriculum-relevant-educatie-deschisa-pentru-toti-cred","status":"publish","type":"post","link":"https:\/\/www.ccdneamt.ro\/new\/2019\/08\/formarea-cadrelor-didactice-din-invatamantul-primar-in-cadrul-proiectului-curriculum-relevant-educatie-deschisa-pentru-toti-cred\/","title":{"rendered":"FORMAREA CADRELOR DIDACTICE DIN \u00ceNV\u0102\u0162\u0102M\u00c2NTUL PRIMAR \u00ceN CADRUL PROIECTULUI \u201eCURRICULUM RELEVANT, EDUCA\u0162IE DESCHIS\u0102 PENTRU TO\u0162I \u2013 CRED\u201d"},"content":{"rendered":"<p><a href=\"https:\/\/www.ccdneamt.ro\/new\/wp-content\/uploads\/2019\/08\/Adresa-formarea-cadrelor-didactice-ciclul-primar-CRED.pdf\" rel=\"attachment wp-att-5479\">Adresa formarea cadrelor didactice ciclul primar &#8211; CRED<\/a><\/p>\n","protected":false},"excerpt":{"rendered":"<p>Adresa formarea cadrelor didactice ciclul primar &#8211; CRED<\/p>\n","protected":false},"author":1,"featured_media":0,"comment_status":"closed","ping_status":"closed","sticky":false,"template":"","format":"standard","meta":{"footnotes":""},"categories":[50,3],"tags":[],"class_list":["post-5476","post","type-post","status-publish","format-standard","hentry","category-c-r-e-d","category-noutati"],"_links":{"self":[{"href":"https:\/\/www.ccdneamt.ro\/new\/wp-json\/wp\/v2\/posts\/5476","targetHints":{"allow":["GET"]}}],"collection":[{"href":"https:\/\/www.ccdneamt.ro\/new\/wp-json\/wp\/v2\/posts"}],"about":[{"href":"https:\/\/www.ccdneamt.ro\/new\/wp-json\/wp\/v2\/types\/post"}],"author":[{"embeddable":true,"href":"https:\/\/www.ccdneamt.ro\/new\/wp-json\/wp\/v2\/users\/1"}],"replies":[{"embeddable":true,"href":"https:\/\/www.ccdneamt.ro\/new\/wp-json\/wp\/v2\/comments?post=5476"}],"version-history":[{"count":2,"href":"https:\/\/www.ccdneamt.ro\/new\/wp-json\/wp\/v2\/posts\/5476\/revisions"}],"predecessor-version":[{"id":5480,"href":"https:\/\/www.ccdneamt.ro\/new\/wp-json\/wp\/v2\/posts\/5476\/revisions\/5480"}],"wp:attachment":[{"href":"https:\/\/www.ccdneamt.ro\/new\/wp-json\/wp\/v2\/media?parent=5476"}],"wp:term":[{"taxonomy":"category","embeddable":true,"href":"https:\/\/www.ccdneamt.ro\/new\/wp-json\/wp\/v2\/categories?post=5476"},{"taxonomy":"post_tag","embeddable":true,"href":"https:\/\/www.ccdneamt.ro\/new\/wp-json\/wp\/v2\/tags?post=5476"}],"curies":[{"name":"wp","href":"https:\/\/api.w.org\/{rel}","templated":true}]}}